{"id":3271,"date":"2017-02-20T13:12:20","date_gmt":"2017-02-20T13:12:20","guid":{"rendered":"http:\/\/www.insaweb.net\/?p=3271"},"modified":"2024-06-18T12:52:12","modified_gmt":"2024-06-18T10:52:12","slug":"la-importancia-de-las-practicas-laborables","status":"publish","type":"post","link":"https:\/\/insabarcelona.com\/ca\/la-importancia-de-las-practicas-laborables\/","title":{"rendered":"La importancia de las pr\u00e1cticas laborales"},"content":{"rendered":"<p><!--:en--><!--:--><!--:es-->Tras el verano y las vacaciones, con las pilas cargadas, volvemos a nuestras actividades. Pero el verano para algunos no ha sido sin\u00f3nimo de playa, ocio y descanso. Muchos han aprovechado la oportunidad para aplicar los conocimientos adquiridos durante el a\u00f1o y a\u00f1adir experiencia profesional en su curr\u00edculo.<\/p>\n<p>Nuestra alumna Carla Ib\u00e1\u00f1ez, de 3er a\u00f1o de <a href=\"http:\/\/www.insaweb.net\/estudios\/carreras\/publicidad-y-relaciones-publicas\/\" target=\"_blank\" rel=\"noopener\">Estudios Superiores de Comunicaci\u00f3n Empresarial (Publicidad, Relaciones P\u00fablicas &amp;\u00a0 Marketing)<\/a> ha tenido la oportunidad de, durante el mes de agosto, aplicar y ampliar su aprendizaje, realizando pr\u00e1cticas laborales en la empresa Peix&amp;Co. La noticia de la experiencia de Carla ha sido publicada en el blog <i>Ellas deciden<\/i>, resaltando su dedicaci\u00f3n e inter\u00e9s en desarrollarse y aprovechar la experiencia.<\/p>\n<p><strong><a href=\"http:\/\/ellasdeciden.com\/peixcoveranobecariosresultados\/\" target=\"_blank\" rel=\"noopener\">http:\/\/ellasdeciden.com\/peixcoveranobecariosresultados\/<\/a><\/strong><\/p>\n<p>INSA te da la oportunidad de conseguir pr\u00e1cticas mientras est\u00e1s estudiando a trav\u00e9s de las ofertas que publica nuestro departamento de <a href=\"http:\/\/www.insaweb.net\/alumnos\/bolsa-de-trabajo-y-practicas\/\" target=\"_blank\" rel=\"noopener\">Bolsa de Trabajo y Pr\u00e1cticas<\/a>, de esta forma, se refuerzan los estudios y se obtiene una visi\u00f3n pr\u00e1ctica de su aplicaci\u00f3n en el mercado laboral.<\/p>\n<p>Cursos relacionados:<\/p>\n<p><strong><a href=\"http:\/\/www.insaweb.net\/estudios\/carreras\/publicidad-y-relaciones-publicas\/\" target=\"_blank\" rel=\"noopener\">Carrera Comunicaci\u00f3n Empresarial (Publicidad, Relaciones P\u00fablicas &amp; Marketing)<\/a><\/strong><br \/>\n<strong><a href=\"http:\/\/www.insaweb.net\/estudios\/carreras\/direccion-comercial-y-marketing\/\" target=\"_blank\" rel=\"noopener\">Carrera Direcci\u00f3n y Gesti\u00f3n de Empresas<\/a><\/strong><br \/>\n<strong><a href=\"http:\/\/www.insaweb.net\/estudios\/carreras\/direccion-comercial-y-marketing\/\" target=\"_blank\" rel=\"noopener\">Carrera Direcci\u00f3n Comercial y Marketing<\/a><\/strong><!--:--><!--:ca--><\/p>\n<p align=\"left\"><!--:--><\/p>\n","protected":false},"excerpt":{"rendered":"<p>Tras el verano y las vacaciones, con las pilas cargadas, volvemos a nuestras actividades. Pero el verano para algunos no ha sido sin\u00f3nimo de playa, ocio y descanso. Muchos han aprovechado la oportunidad para aplicar los conocimientos adquiridos durante el a\u00f1o y a\u00f1adir experiencia profesional en su curr\u00edculo. Nuestra alumna Carla Ib\u00e1\u00f1ez, de 3er a\u00f1o [&hellip;]<\/p>\n","protected":false},"author":6,"featured_media":70281,"comment_status":"open","ping_status":"closed","sticky":false,"template":"","format":"standard","meta":{"_acf_changed":false,"footnotes":""},"categories":[306],"tags":[102,67,78],"class_list":["post-3271","post","type-post","status-publish","format-standard","has-post-thumbnail","hentry","category-carreras-2","tag-bolsa-trabajo","tag-carreras","tag-practicas"],"acf":[],"_links":{"self":[{"href":"https:\/\/insabarcelona.com\/ca\/wp-json\/wp\/v2\/posts\/3271","targetHints":{"allow":["GET"]}}],"collection":[{"href":"https:\/\/insabarcelona.com\/ca\/wp-json\/wp\/v2\/posts"}],"about":[{"href":"https:\/\/insabarcelona.com\/ca\/wp-json\/wp\/v2\/types\/post"}],"author":[{"embeddable":true,"href":"https:\/\/insabarcelona.com\/ca\/wp-json\/wp\/v2\/users\/6"}],"replies":[{"embeddable":true,"href":"https:\/\/insabarcelona.com\/ca\/wp-json\/wp\/v2\/comments?post=3271"}],"version-history":[{"count":0,"href":"https:\/\/insabarcelona.com\/ca\/wp-json\/wp\/v2\/posts\/3271\/revisions"}],"wp:featuredmedia":[{"embeddable":true,"href":"https:\/\/insabarcelona.com\/ca\/wp-json\/wp\/v2\/media\/70281"}],"wp:attachment":[{"href":"https:\/\/insabarcelona.com\/ca\/wp-json\/wp\/v2\/media?parent=3271"}],"wp:term":[{"taxonomy":"category","embeddable":true,"href":"https:\/\/insabarcelona.com\/ca\/wp-json\/wp\/v2\/categories?post=3271"},{"taxonomy":"post_tag","embeddable":true,"href":"https:\/\/insabarcelona.com\/ca\/wp-json\/wp\/v2\/tags?post=3271"}],"curies":[{"name":"wp","href":"https:\/\/api.w.org\/{rel}","templated":true}]}}