{"id":34603,"date":"2019-03-14T19:00:56","date_gmt":"2019-03-14T19:00:56","guid":{"rendered":"http:\/\/www.insabarcelona.com\/?p=34603\/"},"modified":"2024-06-18T12:36:15","modified_gmt":"2024-06-18T10:36:15","slug":"grandes-empresas-apuestan-insa","status":"publish","type":"post","link":"https:\/\/insabarcelona.com\/en\/grandes-empresas-apuestan-insa\/","title":{"rendered":"Grandes empresas apuestan por INSA"},"content":{"rendered":"<h1 style=\"text-align: center;\"><em>&#8220;Grandes empresas apuestan por INSA&#8221;\u00a0<\/em><\/h1>\n<p>El pasado Mi\u00e9rcoles 13 de Marzo ,\u00a0<strong>INSA INTERNATIONAL BUSSINES SCHOOL<\/strong>, abri\u00f3 sus puertas a Empresas \u201cTOP\u201d en b\u00fasqueda de talento como <span style=\"color: #808080;\"><a style=\"color: #808080;\" href=\"https:\/\/www.melia.com\/es\/hoteles\/espana\/barcelona\/melia-barcelona-sarria\/index.html\" target=\"_blank\" rel=\"noopener\">Meli\u00e1 Barcelona<\/a>,\u00a0<a style=\"color: #808080;\" href=\"http:\/\/www.cameraitalianabarcelona.com\/\" target=\"_blank\" rel=\"noopener\">Camera italiana Girona<\/a>, <a style=\"color: #808080;\" href=\"http:\/\/www.kidokids.co.za\/\" target=\"_blank\" rel=\"noopener\">Kido Kids<\/a>, <a style=\"color: #808080;\" href=\"https:\/\/es.clariba.com\/\" target=\"_blank\" rel=\"noopener\">Clariba<\/a>, <a style=\"color: #808080;\" href=\"https:\/\/mrktic.com\/\" target=\"_blank\" rel=\"noopener\">Mktic<\/a>, <a style=\"color: #808080;\" href=\"http:\/\/s2m-group.com\/\" target=\"_blank\" rel=\"noopener\">S2M Group<\/a>, <a style=\"color: #808080;\" href=\"https:\/\/www.talentsearchpeople.com\/es\/inicio\/\" target=\"_blank\" rel=\"noopener\">Talent Search People<\/a>, <a style=\"color: #808080;\" href=\"https:\/\/www.venusconsulting.fr\/\" target=\"_blank\" rel=\"noopener\">Venus Consulting<\/a>, <a style=\"color: #808080;\" href=\"https:\/\/www.walterspeople.es\/\" target=\"_blank\" rel=\"noopener\">Walters People<\/a>, <a style=\"color: #808080;\" href=\"https:\/\/www.mc-mutual.com\/\" target=\"_blank\" rel=\"noopener\">MC Mutual<\/a>, <a style=\"color: #808080;\" href=\"https:\/\/www.michaelpage.es\/\" target=\"_blank\" rel=\"noopener\">Michael Page<\/a>, <a style=\"color: #808080;\" href=\"http:\/\/the-adidea.com\/\" target=\"_blank\" rel=\"noopener\">Adidea<\/a>\u00a0 y <a style=\"color: #808080;\" href=\"https:\/\/www.linkedin.com\/in\/anatolymivanov\/\" target=\"_blank\" rel=\"noopener\">Anatoly Ivanov<\/a> <\/span>en el\u00a0<strong>Career Fair 2019<\/strong>. Un evento que da la oportunidad a los Estudiantes de INSA de ser entrevistados en persona, por los m\u00e1ximos responsables de selecci\u00f3n de personal de \u00e9stas.<\/p>\n<p>Declaraciones como \u201cestamos muy satisfechos del rendimiento de los profesionales que vienen de INSA a nuestra empresa\u201d; o \u201cvienen preparados para aportar soluciones reales a un mercado en constante cambio\u201d; corrobora la satisfacci\u00f3n de estas empresas por el capital humano que ha estudiado en esta Escuela de Negocios.<\/p>\n<p>INSA demuestra as\u00ed el gran potencial que tiene el\u00a0<span style=\"color: #808080;\"><a style=\"color: #808080;\" href=\"http:\/\/www.insabarcelona.com\/estudios\/master-big-data-project-management\/\" target=\"_blank\" rel=\"noopener\">modelo formativo que imparte<\/a>,<\/span> donde impulsa el talento de sus alumnos mediante profesionales en activo. Un profesorado con experiencia que aporta una visi\u00f3n real y actualizada de un mercado donde la obsolescencia es cada vez m\u00e1s r\u00e1pida.<\/p>\n<p>Con su mensaje \u201cProfesionales formando a Profesionales\u201d, la Instituci\u00f3n lidera desde hace m\u00e1s de 30 a\u00f1os un concepto boutique de ense\u00f1anza, con el objetivo de individualizarla para impulsar el talento de sus alumnos y dar soluciones solventes al mercado laboral.<\/p>\n<p><img fetchpriority=\"high\" decoding=\"async\" class=\"alignleft size-medium wp-image-34606\" src=\"http:\/\/www.insabarcelona.com\/wp-content\/uploads\/2019\/03\/DSC_1141-300x200.jpg\" alt=\"\" width=\"300\" height=\"200\" \/><\/p>\n<p><img decoding=\"async\" class=\"alignleft size-medium wp-image-34607\" src=\"http:\/\/www.insabarcelona.com\/wp-content\/uploads\/2019\/03\/DSC_1168-300x200.jpg\" alt=\"\" width=\"300\" height=\"200\" \/><\/p>\n<p>&nbsp;<\/p>\n<p>&nbsp;<\/p>\n<p>&nbsp;<\/p>\n<p>&nbsp;<\/p>\n<p>&nbsp;<\/p>\n<p><img decoding=\"async\" class=\"alignleft size-medium wp-image-34608\" src=\"http:\/\/www.insabarcelona.com\/wp-content\/uploads\/2019\/03\/DSC_1161-300x200.jpg\" alt=\"\" width=\"300\" height=\"200\" \/><\/p>\n<p><img loading=\"lazy\" decoding=\"async\" class=\"alignleft size-medium wp-image-34609\" src=\"http:\/\/www.insabarcelona.com\/wp-content\/uploads\/2019\/03\/DSC_1142-300x200.jpg\" alt=\"\" width=\"300\" height=\"200\" \/><\/p>\n<p>&nbsp;<\/p>\n<p>&nbsp;<\/p>\n<p>&nbsp;<\/p>\n<p>&nbsp;<\/p>\n<p>&nbsp;<\/p>\n<p>&nbsp;<\/p>\n<p>&nbsp;<\/p>\n<p>Cursos Relacionados:<\/p>\n<ul>\n<li><span style=\"color: #3366ff;\"><a style=\"color: #3366ff;\" href=\"http:\/\/www.insabarcelona.com\/estudios\/postgraduate-in-e-commerce\/\" target=\"_blank\" rel=\"noopener\">Postgraduate in e-Commerce<\/a><\/span><\/li>\n<li><span style=\"color: #3366ff;\"><a style=\"color: #3366ff;\" href=\"http:\/\/www.insabarcelona.com\/estudios\/master-in-foreign-trade-international-marketing\/\" target=\"_blank\" rel=\"noopener\">Master in Foreign Trade &amp; International Marketing<\/a><\/span><\/li>\n<li><span style=\"color: #3366ff;\"><a style=\"color: #3366ff;\" href=\"http:\/\/www.insabarcelona.com\/estudios\/master-in-business-management\/\" target=\"_blank\" rel=\"noopener\">Master in Business Management<\/a><\/span><\/li>\n<\/ul>\n","protected":false},"excerpt":{"rendered":"<p>&#8220;Grandes empresas apuestan por INSA&#8221;\u00a0 El pasado Mi\u00e9rcoles 13 de Marzo ,\u00a0INSA INTERNATIONAL BUSSINES SCHOOL, abri\u00f3 sus puertas a Empresas \u201cTOP\u201d en b\u00fasqueda de talento como Meli\u00e1 Barcelona,\u00a0Camera italiana Girona, Kido Kids, Clariba, Mktic, S2M Group, Talent Search People, Venus Consulting, Walters People, MC Mutual, Michael Page, Adidea\u00a0 y Anatoly Ivanov en el\u00a0Career Fair 2019. [&hellip;]<\/p>\n","protected":false},"author":5,"featured_media":70237,"comment_status":"open","ping_status":"closed","sticky":false,"template":"","format":"standard","meta":{"_acf_changed":false,"footnotes":""},"categories":[305],"tags":[83,213,217,214,137],"class_list":["post-34603","post","type-post","status-publish","format-standard","has-post-thumbnail","hentry","category-mercado-laboral","tag-barcelona","tag-career-fair","tag-empresa","tag-empresas","tag-master"],"acf":[],"_links":{"self":[{"href":"https:\/\/insabarcelona.com\/en\/wp-json\/wp\/v2\/posts\/34603","targetHints":{"allow":["GET"]}}],"collection":[{"href":"https:\/\/insabarcelona.com\/en\/wp-json\/wp\/v2\/posts"}],"about":[{"href":"https:\/\/insabarcelona.com\/en\/wp-json\/wp\/v2\/types\/post"}],"author":[{"embeddable":true,"href":"https:\/\/insabarcelona.com\/en\/wp-json\/wp\/v2\/users\/5"}],"replies":[{"embeddable":true,"href":"https:\/\/insabarcelona.com\/en\/wp-json\/wp\/v2\/comments?post=34603"}],"version-history":[{"count":0,"href":"https:\/\/insabarcelona.com\/en\/wp-json\/wp\/v2\/posts\/34603\/revisions"}],"wp:featuredmedia":[{"embeddable":true,"href":"https:\/\/insabarcelona.com\/en\/wp-json\/wp\/v2\/media\/70237"}],"wp:attachment":[{"href":"https:\/\/insabarcelona.com\/en\/wp-json\/wp\/v2\/media?parent=34603"}],"wp:term":[{"taxonomy":"category","embeddable":true,"href":"https:\/\/insabarcelona.com\/en\/wp-json\/wp\/v2\/categories?post=34603"},{"taxonomy":"post_tag","embeddable":true,"href":"https:\/\/insabarcelona.com\/en\/wp-json\/wp\/v2\/tags?post=34603"}],"curies":[{"name":"wp","href":"https:\/\/api.w.org\/{rel}","templated":true}]}}