{"id":7268,"date":"2017-07-19T10:43:28","date_gmt":"2017-07-19T10:43:28","guid":{"rendered":"http:\/\/wp2017.insabarcelona.com\/?p=7268\/"},"modified":"2024-06-18T10:22:25","modified_gmt":"2024-06-18T08:22:25","slug":"verano-en-bcn-2017","status":"publish","type":"post","link":"https:\/\/insabarcelona.com\/en\/verano-en-bcn-2017\/","title":{"rendered":"Verano en Barcelona 2017"},"content":{"rendered":"<p><!--:es-->La llegada del verano supone para la mayor\u00eda, disfrutar de d\u00edas de ocio, mar y monta\u00f1a. Todos queremos gozar de nuestro merecido descanso, tras un a\u00f1o de trabajo, estudios y rutina. Pero tambi\u00e9n puede ser un buen momento para aprovechar y buscar algo distinto, como por ejemplo practicar un hobby, formarse en algo que nunca tenemos tiempo durante el a\u00f1o, o sacar provecho del cambio de ritmo en la ciudad, para los que se quedan en ella.<\/p>\n<p>Para este mes vacacional os dejamos algunas sugerencias creativas para transformar tu tiempo libre en algo relajante y a la vez productivo:<\/p>\n<p>&nbsp;<\/p>\n<p><strong>TERRAZAS<\/strong><\/p>\n<p>Definitivamente con la llegada del Verano las terrazas son la mejor opci\u00f3n para pasar un momento agradable y en buena compa\u00f1\u00eda. No dejes de visitar una o todas las opciones que a continuaci\u00f3n te recomendamos:<\/p>\n<p><a href=\"http:\/\/www.lacaseta.org\/\" target=\"_blank\" rel=\"noopener\"><b>La Caseta del Migdia<\/b><\/a><\/p>\n<p>Con unas vistas fant\u00e1sticas de la ciudad pod\u00e9is disfrutar de m\u00fasica en vivo. Su programaci\u00f3n de mi\u00e9rcoles a domingo es muy variada y si te apetece cenar, pod\u00e9is disfrutar de una barbacoa \u00a0completa por 15\u20ac. Tiene una de las mejores puestas de sol de la ciudad y si a\u00fan no hab\u00e9is ido har\u00e9is un descubrimiento!<\/p>\n<p><a href=\"https:\/\/www.santpaubarcelona.org\/en\/1902-cafe-modernista\" target=\"_blank\" rel=\"noopener\"><strong>1902 Caf\u00e9 Modernista<\/strong><\/a><\/p>\n<p>Si a\u00fan no te has dado una vuelta por\u00a0 el recinto modernista del Hospital de Santa Creu i Sant Pau, del arquitecto Llu\u00eds Dom\u00e9nech i Montaner, su terraza es una excelente excusa para conocerlo. La cocina mediterr\u00e1nea elaborada por el Grupo Sagardi es la cereza de la tarta. La terraza, abierta de las 8 a las 0 horas, puede dar cabida a 62 personas y tiene unas vistas magn\u00edficas del edificio.<\/p>\n<p><a href=\"http:\/\/thewestdeck.com\/\" target=\"_blank\" rel=\"noopener\"><strong>Wet Deck<\/strong><\/a><\/p>\n<p>Si eres de los que piensa que una terraza sin m\u00fasica electr\u00f3nica no es igual, las fiestas de la terraza de la piscina del Hotel W son la mejor opci\u00f3n para t\u00ed. Hamburguesas al carb\u00f3n, mojitos, champ\u00e1n y lo que haga falta. Los domingos en Wet Deck, desde hace tiempo,\u00a0 se ofrece m\u00fasica electr\u00f3nica, y esta es desde hace tres a\u00f1os una de las m\u00e1s importantes de la ciudad.<\/p>\n<p><a href=\"http:\/\/martinezbarcelona.com\/\" target=\"_blank\" rel=\"noopener\"><strong>Mart\u00ednez<\/strong><\/a><\/p>\n<p>Otro local de altos vuelos, el Mart\u00ednez ha sobrevivido al duro invierno de la monta\u00f1a de Montju\u00efc y comienza el verano con gran \u00edmpetu para intentar lograr lo que su hermano Ca\u00f1ete, consolidarse en una ciudad en donde la competencia no falta. Un men\u00fa cerrado de 40 euros con vermut o cerveza, entrante, plato principal y postre, en una terraza espectacular con vistas al puerto es la gran oferta de este establecimiento. Si Woody Allen visitara el Mart\u00ednez, seguro se decidir\u00eda hacer una segunda pel\u00edcula en la ciudad, con tal de incluir a su terraza en alguna escena.<\/p>\n<p>&nbsp;<\/p>\n<p><strong>M\u00daSICA<\/strong><\/p>\n<p><strong>&#8220;<a href=\"http:\/\/lameva.barcelona.cat\/ca\/que-pots-fer-a-bcn\/parcs-i-jardins\/musica-als-parcs\" target=\"_blank\" rel=\"noopener\">M\u00fasica als Parcs<\/a>&#8220;<\/strong><\/p>\n<p>Del 7 de junio y hasta el 31 de agosto, M\u00fasica als Parcs, un festival de cl\u00e1sica, jazz y blues que tiene el objetivo de acercar la m\u00fasica de calidad a todos los p\u00fablicos y fomentar la presencia de los j\u00f3venes int\u00e9rpretes. Despu\u00e9s de llevar a cabo la selecci\u00f3n de los artistas durante el primer trimestre del a\u00f1o, en verano es el momento de salir a la calle y escuchar la elecci\u00f3n que ha hecho el jurado. Una actividad al aire libre, en medio de la vegetaci\u00f3n, con buena m\u00fasica y gratis.<\/p>\n<p>&nbsp;<\/p>\n<p><strong>CINE<\/strong><\/p>\n<p><strong><a href=\"http:\/\/cinemalliure.com\/barcelona-2\/\" target=\"_blank\" rel=\"noopener\">Cine en la playa SANT SEBASTI\u00c0 2017<\/a><\/strong><\/p>\n<p>Los jueves y los domingos (del 29 de junio al 3 de agosto) se celebra una nueva edici\u00f3n del ciclo de cineen la playa de Sant Sebasti\u00e0 en forma de cine gratis al aire libre. Es ya un ritual del verano en Barcelona y donde se programan algunas de las pel\u00edculas de cine independiente m\u00e1s famosas del a\u00f1o en versi\u00f3n original.<\/p>\n<p><strong><a href=\"http:\/\/salamontjuic.org\/es\/\" target=\"_blank\" rel=\"noopener\">Cine en la Sala Montju\u00efc 2017<\/a><br \/>\n<\/strong><\/p>\n<p>El Castillo de Montju\u00efc programa una selecci\u00f3n de las mejores pel\u00edculas de todos los tiempos, cortos, conciertos y zona de picnic. Del 30 de junio al 4 de agosto. La entrada cuesta 6 \u20ac , 11 \u20ac si quer\u00e9is hacer tambi\u00e9n una visita guiada por el castillo o 15 \u20ac para disfrutar de un ecopicnic. Y si deseas comodidad durante la proyecci\u00f3n, puedes alquilar\u00a0 tumbonas por 3 euros, tambi\u00e9n hay un servicio gratuito de buses lanzadera desde plaza Espa\u00f1a, frente al Punto de Informaci\u00f3n Tur\u00edstico, saldr\u00e1n hacia el Castillo a las 20.15 y a las 21.30 h y la vuelta a plaza Espa\u00f1a ser\u00e1 una vez acabe la pel\u00edcula.<\/p>\n<p>&nbsp;<\/p>\n<p><strong>ARTE<br \/>\n<\/strong><\/p>\n<p><strong>&#8220;<a href=\"http:\/\/artssantamonica.gencat.cat\/ca\/exposicions\/\" target=\"_blank\" rel=\"noopener\">Brian Eno: Lightforms \/ Soundforms<\/a>&#8220;<\/strong><\/p>\n<p>El Arts Santa M\u00f2nica acoge la exposici\u00f3n m\u00e1s completa del trabajo del m\u00fasico, compositor, artista visual y productor musical, Brian Eno (Talking Heads, David Bowie, U2, Coldplay). La muestra est\u00e1 abierta de martes a s\u00e1bado de 11h a 21h hasta el 1 de octubre.<\/p>\n<p><strong>&#8220;<a href=\"http:\/\/www.cccb.org\/es\/exposiciones\/ficha\/bjork-digital\/226705\" target=\"_blank\" rel=\"noopener\">Bj\u00f6rk Digital<\/a>&#8220;<\/strong><\/p>\n<p>El CCB de Barcelona, presenta por primera vez una exposici\u00f3n immersiva de realidad virtual. Obrasdigitales y de v\u00eddeo producidas por la ic\u00f3nica artista islandesa en colaboraci\u00f3n con algunos de los mejores programadores y artistas visuales del mundo. Hasta el 24 de septiembre de 10h a 20h. Es imprescindible reservar fecha y hora de la visita porque el ingreso a la sala se hace en grupos de 25 personas.<\/p>\n<p id=\"stcpDiv\"><strong>&#8220;<a href=\"http:\/\/ajuntament.barcelona.cat\/museudeldisseny\/es\/exposicion\/david-bowie\" target=\"_blank\" rel=\"noopener\">David Bowie Is<\/a>&#8220;<\/strong><\/p>\n<div>\n<p>El Museu del Disseny de Barcelona acoge la exposici\u00f3n David Bowie Is. Una muestra producida por el Victoria and Albert Museum de Londres que ha recibido ya m\u00e1s de medio mill\u00f3n de visitantes y que ha itinerado por ciudades como Berl\u00edn, Par\u00eds y Chicago. \u00a0Una propuesta \u00fanica sobre la figura de Bowie que explora las conexiones entre el arte y el dise\u00f1o y que re\u00fane m\u00e1s de 300 objetos. Abierta todos los d\u00edas de 10h a 20h hasta el 25 de septiembre.<\/p>\n<p>&nbsp;<\/p>\n<p>Disfruta de tus vacaciones, de esta maravillosa ciudad y no olvides compartir con nosotros fotos de tus visitas a estos lugares usando el hashtag: <strong>#VacacionesINSA<\/strong>.<\/p>\n<\/div>\n<div>\n<p>&nbsp;<\/p>\n<\/div>\n<p><!--:--><\/p>\n","protected":false},"excerpt":{"rendered":"<p>La llegada del verano supone para la mayor\u00eda, disfrutar de d\u00edas de ocio, mar y monta\u00f1a. Todos queremos gozar de nuestro merecido descanso, tras un a\u00f1o de trabajo, estudios y rutina. Pero tambi\u00e9n puede ser un buen momento para aprovechar y buscar algo distinto, como por ejemplo practicar un hobby, formarse en algo que nunca [&hellip;]<\/p>\n","protected":false},"author":6,"featured_media":9641,"comment_status":"open","ping_status":"closed","sticky":false,"template":"","format":"standard","meta":{"_acf_changed":false,"footnotes":""},"categories":[323,316,286,298],"tags":[],"class_list":["post-7268","post","type-post","status-publish","format-standard","has-post-thumbnail","hentry","category-bachelor-studies-en","category-carreras-2-en","category-masters-en","category-noticias-en"],"acf":[],"_links":{"self":[{"href":"https:\/\/insabarcelona.com\/en\/wp-json\/wp\/v2\/posts\/7268","targetHints":{"allow":["GET"]}}],"collection":[{"href":"https:\/\/insabarcelona.com\/en\/wp-json\/wp\/v2\/posts"}],"about":[{"href":"https:\/\/insabarcelona.com\/en\/wp-json\/wp\/v2\/types\/post"}],"author":[{"embeddable":true,"href":"https:\/\/insabarcelona.com\/en\/wp-json\/wp\/v2\/users\/6"}],"replies":[{"embeddable":true,"href":"https:\/\/insabarcelona.com\/en\/wp-json\/wp\/v2\/comments?post=7268"}],"version-history":[{"count":0,"href":"https:\/\/insabarcelona.com\/en\/wp-json\/wp\/v2\/posts\/7268\/revisions"}],"wp:featuredmedia":[{"embeddable":true,"href":"https:\/\/insabarcelona.com\/en\/wp-json\/"}],"wp:attachment":[{"href":"https:\/\/insabarcelona.com\/en\/wp-json\/wp\/v2\/media?parent=7268"}],"wp:term":[{"taxonomy":"category","embeddable":true,"href":"https:\/\/insabarcelona.com\/en\/wp-json\/wp\/v2\/categories?post=7268"},{"taxonomy":"post_tag","embeddable":true,"href":"https:\/\/insabarcelona.com\/en\/wp-json\/wp\/v2\/tags?post=7268"}],"curies":[{"name":"wp","href":"https:\/\/api.w.org\/{rel}","templated":true}]}}